{"id":660,"date":"2020-09-16T12:15:10","date_gmt":"2020-09-16T10:15:10","guid":{"rendered":"https:\/\/amesophro.com\/?p=660"},"modified":"2020-09-16T12:15:10","modified_gmt":"2020-09-16T10:15:10","slug":"sabbat-mabon","status":"publish","type":"post","link":"https:\/\/amesophro.com\/index.php\/2020\/09\/16\/sabbat-mabon\/","title":{"rendered":"Sabbat MABON"},"content":{"rendered":"\n<pre class=\"wp-block-verse has-text-align-center\">Equinoxe d'Automne - \"Festin d'Avalon\"<\/pre>\n\n\n\n<div class=\"wp-block-image\"><figure class=\"aligncenter size-large\"><img loading=\"lazy\" decoding=\"async\" width=\"189\" height=\"267\" src=\"https:\/\/amesophro.com\/wp-content\/uploads\/2020\/09\/mabon1.jpg\" alt=\"\" class=\"wp-image-661\"\/><\/figure><\/div>\n\n\n\n<p>Mabon est le Sabbat qui se situe entre Lughnasad et Samhain, moment o\u00f9 le Jour et le Nuit sont \u00e9gaux.<\/p>\n\n\n\n<p>C&rsquo;est le moment de f\u00eater les Dieux des moissons et les derni\u00e8res <strong>r\u00e9coltes<\/strong> ; c&rsquo;est le temps des vendanges, des cuves, des granges&#8230; <\/p>\n\n\n\n<p>La Terre se meurt pour entrer dans le repos hivernal, Mabon marque un <strong>espace temps d&rsquo;\u00e9quilibre<\/strong> entre l&rsquo;agitation de l&rsquo;\u00e9t\u00e9 et la rudesse de l&rsquo;hiver. La lumi\u00e8re d\u00e9cline, la chaleur est plus douce. Nous entrons dans une p\u00e9riode doucement plus sombre, douce, un temps propice au d\u00e9tachement.<\/p>\n\n\n\n<p><\/p>\n\n\n\n<blockquote class=\"wp-block-quote has-text-align-center is-layout-flow wp-block-quote-is-layout-flow\"><p><em>\u00ab\u00a0Dieu perd de plus en plus sa vigueur superbe de l&rsquo;\u00e9t\u00e9. La chute des feuilles, les couleurs dor\u00e9es et chaude animent le paysage. La D\u00e9esse commence \u00e0 se r\u00e9veiller.\u00a0\u00bb<\/em><\/p><\/blockquote>\n\n\n\n<p><\/p>\n\n\n\n<p><em>NB:<\/em> Chez les Celtes, le Dieu Mabon \u00e9tait symbole de fertilit\u00e9 masculine. Symbole de lumi\u00e8re, il retourne dans le ventre de la Terre, sa m\u00e8re. C&rsquo;est pourquoi les nuits se rallongent.<\/p>\n\n\n\n<p><\/p>\n\n\n\n<h4 class=\"wp-block-heading\"><em>Symbolique de Mabon :<\/em><\/h4>\n\n\n\n<p>Mabon incarne l&rsquo;<strong>\u00e9quilibre<\/strong> et l&rsquo;<strong>harmonie<\/strong>. Equilibre entre le Jour et la Nuit, Equilibre entre les \u00e9nergies de vitalit\u00e9 et de repos, Equilibre entre nos r\u00e9coltes et l&rsquo;abandon de ce qui a besoin de l&rsquo;\u00eatre avant l&rsquo;hiver.<\/p>\n\n\n\n<p>Les ma\u00eetres mots sont Myst\u00e8re et Transformation, transmutation. <\/p>\n\n\n\n<p>Mabon est l&rsquo;occasion de <strong>m\u00e9diter,<\/strong> de se d\u00e9tendre, se relaxer. Commencer un \u00ab\u00a0travail\u00a0\u00bb <strong>introspectif<\/strong> : Le moment id\u00e9al pour cl\u00f4turer certains chapitres de nos vies, consolider nos acquis, remettre de l&rsquo;\u00e9quilibre entre lumi\u00e8re et parts d&rsquo;ombres. <\/p>\n\n\n\n<p>C&rsquo;est le moment pour m\u00e9diter sur nos actions pass\u00e9es, ce qui a \u00e9t\u00e9 sem\u00e9 durant l&rsquo;ann\u00e9e. Le moment \u00e9galement de profiter des fruits de notre travail.<\/p>\n\n\n\n<p><\/p>\n\n\n\n<div class=\"wp-block-image\"><figure class=\"aligncenter size-large is-resized\"><img loading=\"lazy\" decoding=\"async\" src=\"https:\/\/amesophro.com\/wp-content\/uploads\/2020\/09\/mabon2.jpg\" alt=\"\" class=\"wp-image-662\" width=\"431\" height=\"287\"\/><\/figure><\/div>\n\n\n\n<h4 class=\"wp-block-heading\"><em>Rituels et Activit\u00e9s:<\/em><\/h4>\n\n\n\n<ul class=\"wp-block-list\"><li>Vous pouvez inviter Mabon dans votre maison. Agr\u00e9menter votre autel avec des feuilles s\u00e9ch\u00e9es, des couleurs chaudes, des graines, des noix, du raison, du ma\u00efs. Vous pouvez fabriquer des bouquets et des couronnes de porte aux couleurs de l&rsquo;automne. Cuisinez des plats avec des courges, des l\u00e9gumes de saison. Fabriquer des conserves, des compotes avec les fruits r\u00e9colt\u00e9s. <\/li><\/ul>\n\n\n\n<ul class=\"wp-block-list\"><li>C&rsquo;est le bon moment pour rendre gr\u00e2ce \u00e0 la nature. Allez vous promener dans les bois, en for\u00eat, en pleine nature. Remerciez la Terre, les arbres, les \u00e9l\u00e9mentaires pour tout ce qu&rsquo;ils transmettent et partagent avec vous. Vous pouvez en profiter pour faire des offrandes \u00e0 la Terre, cr\u00e9er des mandalas, des d\u00e9corations naturelles et originales en pleine nature. Vous pouvez pr\u00e9parer des maisons pour les oiseaux pour pr\u00e9parer l&rsquo;hiver, commencer \u00e0 leur donner des graines.<\/li><\/ul>\n\n\n\n<ul class=\"wp-block-list\"><li>Moment id\u00e9al pour nettoyer et trier son int\u00e9rieur, qui a \u00e9t\u00e9 ouvert toute la p\u00e9riode estivale. Se d\u00e9lester du surplus. L&rsquo;occasion de vendre, donner, redonner une seconde vie a des affaires qui ne vibrent plus avec vous. Faire des heureux autour de soi, partager. C&rsquo;est aussi le bon moment pour s&rsquo;interroger, sur sa vie et tout le c\u00f4t\u00e9 mat\u00e9riel, et pour r\u00e9tablir l&rsquo;\u00e9quilibre dans vos vies.<\/li><\/ul>\n\n\n\n<p>Si vous aimez faire des rituels, Mabon est l&rsquo;occasion de pratiquer des rituels de protection, de richesses, et de prosp\u00e9rit\u00e9. Laissez vous porter par ce qui vous parle, ce que vous d\u00e9sirez au plus profond de vous. cr\u00e9ez vos propres rituels, c&rsquo;est ceux l\u00e0 qui r\u00e9sonneront et qui auront un sens pour vous. Rien ne vous emp\u00eache d&rsquo;aller lire, observer autour de vous, mais soyez cr\u00e9atifs. Profitez des sabbats pour vous l\u00e2cher et faire vibrer en vous la flamme pa\u00efenne &lt;3 .<\/p>\n\n\n\n<p><\/p>\n\n\n\n<p>Cette liste est bien s\u00fbr modulable. N&rsquo;h\u00e9sitez pas \u00e0 partager cet article, \u00e0 le commenter, \u00e0 le faire vivre. Et si vous souhaitez d&rsquo;autres inspirations, je vous invite \u00e0 aller sur le compte instagram de \u00a0\u00bb les_sabbats\u00a0\u00bb o\u00f9 tu y trouveras une foule d&rsquo;id\u00e9es inspirantes.<\/p>\n\n\n\n<p>Beau Sabbat<\/p>\n\n\n\n<p><em>Sophie <\/em><\/p>\n","protected":false},"excerpt":{"rendered":"<p>Equinoxe d&rsquo;Automne &#8211; \u00ab\u00a0Festin d&rsquo;Avalon\u00a0\u00bb Mabon est le Sabbat qui se situe entre Lughnasad et Samhain, moment o\u00f9 le Jour et le Nuit sont \u00e9gaux. C&rsquo;est le moment de f\u00eater les Dieux des moissons et les derni\u00e8res r\u00e9coltes ; c&rsquo;est le temps des vendanges, des cuves, des granges&#8230; La Terre se meurt pour entrer dans &hellip; <\/p>\n","protected":false},"author":1,"featured_media":0,"comment_status":"open","ping_status":"open","sticky":false,"template":"","format":"standard","meta":{"_jetpack_memberships_contains_paid_content":false,"footnotes":""},"categories":[29],"tags":[128,130,126,129,31],"class_list":["post-660","post","type-post","status-publish","format-standard","hentry","category-sabbats","tag-celtes","tag-fete","tag-mabon","tag-paien","tag-sabbat"],"yoast_head":"<!-- This site is optimized with the Yoast SEO plugin v27.5 - https:\/\/yoast.com\/product\/yoast-seo-wordpress\/ -->\n<title>Sabbat MABON - Sophie RIGHETTI<\/title>\n<meta name=\"robots\" content=\"index, follow, max-snippet:-1, max-image-preview:large, max-video-preview:-1\" \/>\n<link rel=\"canonical\" href=\"https:\/\/amesophro.com\/index.php\/2020\/09\/16\/sabbat-mabon\/\" \/>\n<meta property=\"og:locale\" content=\"fr_FR\" \/>\n<meta property=\"og:type\" content=\"article\" \/>\n<meta property=\"og:title\" content=\"Sabbat MABON - Sophie RIGHETTI\" \/>\n<meta property=\"og:description\" content=\"Equinoxe d&#039;Automne - &quot;Festin d&#039;Avalon&quot; Mabon est le Sabbat qui se situe entre Lughnasad et Samhain, moment o\u00f9 le Jour et le Nuit sont \u00e9gaux. C&rsquo;est le moment de f\u00eater les Dieux des moissons et les derni\u00e8res r\u00e9coltes ; c&rsquo;est le temps des vendanges, des cuves, des granges&#8230; La Terre se meurt pour entrer dans &hellip;\" \/>\n<meta property=\"og:url\" content=\"https:\/\/amesophro.com\/index.php\/2020\/09\/16\/sabbat-mabon\/\" \/>\n<meta property=\"og:site_name\" content=\"Sophie RIGHETTI\" \/>\n<meta property=\"article:published_time\" content=\"2020-09-16T10:15:10+00:00\" \/>\n<meta property=\"og:image\" content=\"https:\/\/amesophro.com\/wp-content\/uploads\/2020\/09\/mabon1.jpg\" \/>\n\t<meta property=\"og:image:width\" content=\"189\" \/>\n\t<meta property=\"og:image:height\" content=\"267\" \/>\n\t<meta property=\"og:image:type\" content=\"image\/jpeg\" \/>\n<meta name=\"author\" content=\"Sophie Righetti\" \/>\n<meta name=\"twitter:card\" content=\"summary_large_image\" \/>\n<meta name=\"twitter:label1\" content=\"\u00c9crit par\" \/>\n\t<meta name=\"twitter:data1\" content=\"Sophie Righetti\" \/>\n\t<meta name=\"twitter:label2\" content=\"Dur\u00e9e de lecture estim\u00e9e\" \/>\n\t<meta name=\"twitter:data2\" content=\"3 minutes\" \/>\n<script type=\"application\/ld+json\" class=\"yoast-schema-graph\">{\"@context\":\"https:\\\/\\\/schema.org\",\"@graph\":[{\"@type\":\"Article\",\"@id\":\"https:\\\/\\\/amesophro.com\\\/index.php\\\/2020\\\/09\\\/16\\\/sabbat-mabon\\\/#article\",\"isPartOf\":{\"@id\":\"https:\\\/\\\/amesophro.com\\\/index.php\\\/2020\\\/09\\\/16\\\/sabbat-mabon\\\/\"},\"author\":{\"name\":\"Sophie Righetti\",\"@id\":\"https:\\\/\\\/amesophro.com\\\/#\\\/schema\\\/person\\\/5582b2a0e8cc8ecbbec1c08c6b998a36\"},\"headline\":\"Sabbat MABON\",\"datePublished\":\"2020-09-16T10:15:10+00:00\",\"mainEntityOfPage\":{\"@id\":\"https:\\\/\\\/amesophro.com\\\/index.php\\\/2020\\\/09\\\/16\\\/sabbat-mabon\\\/\"},\"wordCount\":671,\"commentCount\":2,\"publisher\":{\"@id\":\"https:\\\/\\\/amesophro.com\\\/#\\\/schema\\\/person\\\/5582b2a0e8cc8ecbbec1c08c6b998a36\"},\"image\":{\"@id\":\"https:\\\/\\\/amesophro.com\\\/index.php\\\/2020\\\/09\\\/16\\\/sabbat-mabon\\\/#primaryimage\"},\"thumbnailUrl\":\"https:\\\/\\\/amesophro.com\\\/wp-content\\\/uploads\\\/2020\\\/09\\\/mabon1.jpg\",\"keywords\":[\"celtes\",\"f\u00eate\",\"mabon\",\"pa\u00efen\",\"sabbat\"],\"articleSection\":[\"Sabbats\"],\"inLanguage\":\"fr-FR\",\"potentialAction\":[{\"@type\":\"CommentAction\",\"name\":\"Comment\",\"target\":[\"https:\\\/\\\/amesophro.com\\\/index.php\\\/2020\\\/09\\\/16\\\/sabbat-mabon\\\/#respond\"]}]},{\"@type\":\"WebPage\",\"@id\":\"https:\\\/\\\/amesophro.com\\\/index.php\\\/2020\\\/09\\\/16\\\/sabbat-mabon\\\/\",\"url\":\"https:\\\/\\\/amesophro.com\\\/index.php\\\/2020\\\/09\\\/16\\\/sabbat-mabon\\\/\",\"name\":\"Sabbat MABON - Sophie RIGHETTI\",\"isPartOf\":{\"@id\":\"https:\\\/\\\/amesophro.com\\\/#website\"},\"primaryImageOfPage\":{\"@id\":\"https:\\\/\\\/amesophro.com\\\/index.php\\\/2020\\\/09\\\/16\\\/sabbat-mabon\\\/#primaryimage\"},\"image\":{\"@id\":\"https:\\\/\\\/amesophro.com\\\/index.php\\\/2020\\\/09\\\/16\\\/sabbat-mabon\\\/#primaryimage\"},\"thumbnailUrl\":\"https:\\\/\\\/amesophro.com\\\/wp-content\\\/uploads\\\/2020\\\/09\\\/mabon1.jpg\",\"datePublished\":\"2020-09-16T10:15:10+00:00\",\"breadcrumb\":{\"@id\":\"https:\\\/\\\/amesophro.com\\\/index.php\\\/2020\\\/09\\\/16\\\/sabbat-mabon\\\/#breadcrumb\"},\"inLanguage\":\"fr-FR\",\"potentialAction\":[{\"@type\":\"ReadAction\",\"target\":[\"https:\\\/\\\/amesophro.com\\\/index.php\\\/2020\\\/09\\\/16\\\/sabbat-mabon\\\/\"]}]},{\"@type\":\"ImageObject\",\"inLanguage\":\"fr-FR\",\"@id\":\"https:\\\/\\\/amesophro.com\\\/index.php\\\/2020\\\/09\\\/16\\\/sabbat-mabon\\\/#primaryimage\",\"url\":\"https:\\\/\\\/amesophro.com\\\/wp-content\\\/uploads\\\/2020\\\/09\\\/mabon1.jpg\",\"contentUrl\":\"https:\\\/\\\/amesophro.com\\\/wp-content\\\/uploads\\\/2020\\\/09\\\/mabon1.jpg\",\"width\":189,\"height\":267},{\"@type\":\"BreadcrumbList\",\"@id\":\"https:\\\/\\\/amesophro.com\\\/index.php\\\/2020\\\/09\\\/16\\\/sabbat-mabon\\\/#breadcrumb\",\"itemListElement\":[{\"@type\":\"ListItem\",\"position\":1,\"name\":\"Accueil\",\"item\":\"https:\\\/\\\/amesophro.com\\\/\"},{\"@type\":\"ListItem\",\"position\":2,\"name\":\"Sabbat MABON\"}]},{\"@type\":\"WebSite\",\"@id\":\"https:\\\/\\\/amesophro.com\\\/#website\",\"url\":\"https:\\\/\\\/amesophro.com\\\/\",\"name\":\"Sophie RIGHETTI\",\"description\":\"Florith\u00e9rapie &amp; Hom\u00e9opathie\",\"publisher\":{\"@id\":\"https:\\\/\\\/amesophro.com\\\/#\\\/schema\\\/person\\\/5582b2a0e8cc8ecbbec1c08c6b998a36\"},\"potentialAction\":[{\"@type\":\"SearchAction\",\"target\":{\"@type\":\"EntryPoint\",\"urlTemplate\":\"https:\\\/\\\/amesophro.com\\\/?s={search_term_string}\"},\"query-input\":{\"@type\":\"PropertyValueSpecification\",\"valueRequired\":true,\"valueName\":\"search_term_string\"}}],\"inLanguage\":\"fr-FR\"},{\"@type\":[\"Person\",\"Organization\"],\"@id\":\"https:\\\/\\\/amesophro.com\\\/#\\\/schema\\\/person\\\/5582b2a0e8cc8ecbbec1c08c6b998a36\",\"name\":\"Sophie Righetti\",\"image\":{\"@type\":\"ImageObject\",\"inLanguage\":\"fr-FR\",\"@id\":\"https:\\\/\\\/amesophro.com\\\/wp-content\\\/uploads\\\/2022\\\/11\\\/10.png\",\"url\":\"https:\\\/\\\/amesophro.com\\\/wp-content\\\/uploads\\\/2022\\\/11\\\/10.png\",\"contentUrl\":\"https:\\\/\\\/amesophro.com\\\/wp-content\\\/uploads\\\/2022\\\/11\\\/10.png\",\"width\":2160,\"height\":2160,\"caption\":\"Sophie Righetti\"},\"logo\":{\"@id\":\"https:\\\/\\\/amesophro.com\\\/wp-content\\\/uploads\\\/2022\\\/11\\\/10.png\"},\"sameAs\":[\"https:\\\/\\\/www.instagram.com\\\/leslowstudio\\\/?next=oauthauthorizeresponse_typecodeclient_id3636846253273131redirect_urihttpspublic-api.wordpress.comconnectstateeyJtYWdpYyI6ImtleXJpbmciLCJhY3Rpb24iOiJ2ZXJpZnkiLCJrcl9ub25jZSI6IjUyY2I0OTkzYmIiLCJub25jZSI6IjhiNTMxOGUyNGQiLCJzZXJ2aWNlIjoiaW5zdGFncmFtLWJhc2ljLWRpc3BsYXkiLCJzdGF0ZSI6NjU4NzEwNzgsImhhc2giOiIwMjJjNjQyYTUxYjUwZDVkZGIwNGY1YTQyZjAwYzM5OTZhYjc1ZjY4N2ExNmJkMzgzMjNhNWM4M2E2YzczYThhIn0scopeinstagram_business_basiclogger_id0b404ff3-58ff-4f47-a00a-0d48537b5794\"],\"url\":\"https:\\\/\\\/amesophro.com\\\/index.php\\\/author\\\/admin6708\\\/\"}]}<\/script>\n<!-- \/ Yoast SEO plugin. -->","yoast_head_json":{"title":"Sabbat MABON - Sophie RIGHETTI","robots":{"index":"index","follow":"follow","max-snippet":"max-snippet:-1","max-image-preview":"max-image-preview:large","max-video-preview":"max-video-preview:-1"},"canonical":"https:\/\/amesophro.com\/index.php\/2020\/09\/16\/sabbat-mabon\/","og_locale":"fr_FR","og_type":"article","og_title":"Sabbat MABON - Sophie RIGHETTI","og_description":"Equinoxe d'Automne - \"Festin d'Avalon\" Mabon est le Sabbat qui se situe entre Lughnasad et Samhain, moment o\u00f9 le Jour et le Nuit sont \u00e9gaux. C&rsquo;est le moment de f\u00eater les Dieux des moissons et les derni\u00e8res r\u00e9coltes ; c&rsquo;est le temps des vendanges, des cuves, des granges&#8230; La Terre se meurt pour entrer dans &hellip;","og_url":"https:\/\/amesophro.com\/index.php\/2020\/09\/16\/sabbat-mabon\/","og_site_name":"Sophie RIGHETTI","article_published_time":"2020-09-16T10:15:10+00:00","og_image":[{"width":189,"height":267,"url":"https:\/\/amesophro.com\/wp-content\/uploads\/2020\/09\/mabon1.jpg","type":"image\/jpeg"}],"author":"Sophie Righetti","twitter_card":"summary_large_image","twitter_misc":{"\u00c9crit par":"Sophie Righetti","Dur\u00e9e de lecture estim\u00e9e":"3 minutes"},"schema":{"@context":"https:\/\/schema.org","@graph":[{"@type":"Article","@id":"https:\/\/amesophro.com\/index.php\/2020\/09\/16\/sabbat-mabon\/#article","isPartOf":{"@id":"https:\/\/amesophro.com\/index.php\/2020\/09\/16\/sabbat-mabon\/"},"author":{"name":"Sophie Righetti","@id":"https:\/\/amesophro.com\/#\/schema\/person\/5582b2a0e8cc8ecbbec1c08c6b998a36"},"headline":"Sabbat MABON","datePublished":"2020-09-16T10:15:10+00:00","mainEntityOfPage":{"@id":"https:\/\/amesophro.com\/index.php\/2020\/09\/16\/sabbat-mabon\/"},"wordCount":671,"commentCount":2,"publisher":{"@id":"https:\/\/amesophro.com\/#\/schema\/person\/5582b2a0e8cc8ecbbec1c08c6b998a36"},"image":{"@id":"https:\/\/amesophro.com\/index.php\/2020\/09\/16\/sabbat-mabon\/#primaryimage"},"thumbnailUrl":"https:\/\/amesophro.com\/wp-content\/uploads\/2020\/09\/mabon1.jpg","keywords":["celtes","f\u00eate","mabon","pa\u00efen","sabbat"],"articleSection":["Sabbats"],"inLanguage":"fr-FR","potentialAction":[{"@type":"CommentAction","name":"Comment","target":["https:\/\/amesophro.com\/index.php\/2020\/09\/16\/sabbat-mabon\/#respond"]}]},{"@type":"WebPage","@id":"https:\/\/amesophro.com\/index.php\/2020\/09\/16\/sabbat-mabon\/","url":"https:\/\/amesophro.com\/index.php\/2020\/09\/16\/sabbat-mabon\/","name":"Sabbat MABON - Sophie RIGHETTI","isPartOf":{"@id":"https:\/\/amesophro.com\/#website"},"primaryImageOfPage":{"@id":"https:\/\/amesophro.com\/index.php\/2020\/09\/16\/sabbat-mabon\/#primaryimage"},"image":{"@id":"https:\/\/amesophro.com\/index.php\/2020\/09\/16\/sabbat-mabon\/#primaryimage"},"thumbnailUrl":"https:\/\/amesophro.com\/wp-content\/uploads\/2020\/09\/mabon1.jpg","datePublished":"2020-09-16T10:15:10+00:00","breadcrumb":{"@id":"https:\/\/amesophro.com\/index.php\/2020\/09\/16\/sabbat-mabon\/#breadcrumb"},"inLanguage":"fr-FR","potentialAction":[{"@type":"ReadAction","target":["https:\/\/amesophro.com\/index.php\/2020\/09\/16\/sabbat-mabon\/"]}]},{"@type":"ImageObject","inLanguage":"fr-FR","@id":"https:\/\/amesophro.com\/index.php\/2020\/09\/16\/sabbat-mabon\/#primaryimage","url":"https:\/\/amesophro.com\/wp-content\/uploads\/2020\/09\/mabon1.jpg","contentUrl":"https:\/\/amesophro.com\/wp-content\/uploads\/2020\/09\/mabon1.jpg","width":189,"height":267},{"@type":"BreadcrumbList","@id":"https:\/\/amesophro.com\/index.php\/2020\/09\/16\/sabbat-mabon\/#breadcrumb","itemListElement":[{"@type":"ListItem","position":1,"name":"Accueil","item":"https:\/\/amesophro.com\/"},{"@type":"ListItem","position":2,"name":"Sabbat MABON"}]},{"@type":"WebSite","@id":"https:\/\/amesophro.com\/#website","url":"https:\/\/amesophro.com\/","name":"Sophie RIGHETTI","description":"Florith\u00e9rapie &amp; Hom\u00e9opathie","publisher":{"@id":"https:\/\/amesophro.com\/#\/schema\/person\/5582b2a0e8cc8ecbbec1c08c6b998a36"},"potentialAction":[{"@type":"SearchAction","target":{"@type":"EntryPoint","urlTemplate":"https:\/\/amesophro.com\/?s={search_term_string}"},"query-input":{"@type":"PropertyValueSpecification","valueRequired":true,"valueName":"search_term_string"}}],"inLanguage":"fr-FR"},{"@type":["Person","Organization"],"@id":"https:\/\/amesophro.com\/#\/schema\/person\/5582b2a0e8cc8ecbbec1c08c6b998a36","name":"Sophie Righetti","image":{"@type":"ImageObject","inLanguage":"fr-FR","@id":"https:\/\/amesophro.com\/wp-content\/uploads\/2022\/11\/10.png","url":"https:\/\/amesophro.com\/wp-content\/uploads\/2022\/11\/10.png","contentUrl":"https:\/\/amesophro.com\/wp-content\/uploads\/2022\/11\/10.png","width":2160,"height":2160,"caption":"Sophie Righetti"},"logo":{"@id":"https:\/\/amesophro.com\/wp-content\/uploads\/2022\/11\/10.png"},"sameAs":["https:\/\/www.instagram.com\/leslowstudio\/?next=oauthauthorizeresponse_typecodeclient_id3636846253273131redirect_urihttpspublic-api.wordpress.comconnectstateeyJtYWdpYyI6ImtleXJpbmciLCJhY3Rpb24iOiJ2ZXJpZnkiLCJrcl9ub25jZSI6IjUyY2I0OTkzYmIiLCJub25jZSI6IjhiNTMxOGUyNGQiLCJzZXJ2aWNlIjoiaW5zdGFncmFtLWJhc2ljLWRpc3BsYXkiLCJzdGF0ZSI6NjU4NzEwNzgsImhhc2giOiIwMjJjNjQyYTUxYjUwZDVkZGIwNGY1YTQyZjAwYzM5OTZhYjc1ZjY4N2ExNmJkMzgzMjNhNWM4M2E2YzczYThhIn0scopeinstagram_business_basiclogger_id0b404ff3-58ff-4f47-a00a-0d48537b5794"],"url":"https:\/\/amesophro.com\/index.php\/author\/admin6708\/"}]}},"jetpack_featured_media_url":"","jetpack_sharing_enabled":true,"_links":{"self":[{"href":"https:\/\/amesophro.com\/index.php\/wp-json\/wp\/v2\/posts\/660","targetHints":{"allow":["GET"]}}],"collection":[{"href":"https:\/\/amesophro.com\/index.php\/wp-json\/wp\/v2\/posts"}],"about":[{"href":"https:\/\/amesophro.com\/index.php\/wp-json\/wp\/v2\/types\/post"}],"author":[{"embeddable":true,"href":"https:\/\/amesophro.com\/index.php\/wp-json\/wp\/v2\/users\/1"}],"replies":[{"embeddable":true,"href":"https:\/\/amesophro.com\/index.php\/wp-json\/wp\/v2\/comments?post=660"}],"version-history":[{"count":1,"href":"https:\/\/amesophro.com\/index.php\/wp-json\/wp\/v2\/posts\/660\/revisions"}],"predecessor-version":[{"id":663,"href":"https:\/\/amesophro.com\/index.php\/wp-json\/wp\/v2\/posts\/660\/revisions\/663"}],"wp:attachment":[{"href":"https:\/\/amesophro.com\/index.php\/wp-json\/wp\/v2\/media?parent=660"}],"wp:term":[{"taxonomy":"category","embeddable":true,"href":"https:\/\/amesophro.com\/index.php\/wp-json\/wp\/v2\/categories?post=660"},{"taxonomy":"post_tag","embeddable":true,"href":"https:\/\/amesophro.com\/index.php\/wp-json\/wp\/v2\/tags?post=660"}],"curies":[{"name":"wp","href":"https:\/\/api.w.org\/{rel}","templated":true}]}}